{"id":889,"date":"2017-01-05T15:55:50","date_gmt":"2017-01-05T15:55:50","guid":{"rendered":"http:\/\/sigo.es\/?p=889"},"modified":"2017-01-05T15:55:50","modified_gmt":"2017-01-05T15:55:50","slug":"microsoft-declara-falsos-los-rumores-no-acabara-con-el-simbolo-del-sistema-de-windows","status":"publish","type":"post","link":"https:\/\/sigo.es\/en\/microsoft-declara-falsos-los-rumores-no-acabara-con-el-simbolo-del-sistema-de-windows","title":{"rendered":"Microsoft declara falsos los rumores: no acabar\u00e1 con el s\u00edmbolo del sistema de Windows"},"content":{"rendered":"<div id=\"dslc-theme-content\"><div id=\"dslc-theme-content-inner\"><p><img loading=\"lazy\" decoding=\"async\" class=\"size-medium wp-image-891 alignleft\" src=\"http:\/\/sigo.es\/wp-content\/uploads\/2017\/01\/1366_2000-300x157.png\" alt=\"\" width=\"300\" height=\"157\" srcset=\"https:\/\/sigo.es\/wp-content\/uploads\/2017\/01\/1366_2000-300x157.png 300w, https:\/\/sigo.es\/wp-content\/uploads\/2017\/01\/1366_2000-768x402.png 768w, https:\/\/sigo.es\/wp-content\/uploads\/2017\/01\/1366_2000-680x356.png 680w, https:\/\/sigo.es\/wp-content\/uploads\/2017\/01\/1366_2000-540x282.png 540w, https:\/\/sigo.es\/wp-content\/uploads\/2017\/01\/1366_2000.png 979w\" sizes=\"auto, (max-width: 300px) 100vw, 300px\" \/><\/p>\n<p>El pasado 8 de diciembre nos hicimos eco de unos rumores basados en informaci\u00f3n dada por Microsoft en una de sus builds Insider y os contamos que los de Redmond parec\u00edan estar dispuestos a decirle adi\u00f3s a su m\u00edtico s\u00edmbolo de sistema. Pues bien, parece que metimos la pata siendo tan concluyentes: <strong>Microsoft ha declarados falsos los rumores<\/strong>, y asegura que el s\u00edmbolo de sistema se mantendr\u00e1 a corto y largo plazo.<\/p>\n<p>Lo ha contado uno de los desarrolladores de Microsoft, Rich Turner, en <a href=\"https:\/\/blogs.msdn.microsoft.com\/commandline\/2017\/01\/04\/rumors-of-cmds-death-have-been-greatly-exaggerated\/\">un post<\/a> en el blog de la empresa. Despu\u00e9s de haber recibido miles de tuits de usuarios preocupados e incluso mensajes por parte de los socios de la empresa preguntando si era verdad, <strong>Turner ha decidido aclarar la situaci\u00f3n<\/strong> para que no siga habiendo malentendidos.<\/p>\n<p>La confusi\u00f3n vino dada por <strong>una frase concreta mal interpretada<\/strong> en las notas de lanzamiento de <a href=\"https:\/\/blogs.windows.com\/windowsexperience\/2016\/11\/17\/announcing-windows-10-insider-preview-build-14971-for-pc\/\">la Insider Preview Build 14971<\/a>. En ella se dec\u00eda que <em>\"[PowerShell] remplazar\u00e1 al s\u00edmbolo de sistema (cmd.exe) en el men\u00fa Win + X, en el men\u00fa \"Archivo\" del Explorador de archivos, y en el men\u00fa contextual que aparece cuando pulsas shift y click derecho en un espacio en blanco en el Explorador de archivos\"<\/em>.<\/p>\n<p>Al parecer, la confusi\u00f3n vino cuando gente <strong>lo interpret\u00f3 como que PowerShell remplazar\u00eda al s\u00edmbolo de sistema sin m\u00e1s<\/strong>, pero no es as\u00ed, s\u00f3lo lo rempazar\u00e1 en un par de men\u00fas concretos. La funci\u00f3n por lo tanto no ser\u00e1 eliminada, los scripts basados en ella seguir\u00e1n funcionando y, en palabras del propio Turner, el Windows Cmd no se eliminar\u00e1 de Windows ni en un futuro cercano ni en uno distante, seguir\u00e1 siendo una pieza fundamental del sistema operativo.<\/p>\n<p><img loading=\"lazy\" decoding=\"async\" class=\"size-medium wp-image-890 alignleft\" src=\"http:\/\/sigo.es\/wp-content\/uploads\/2017\/01\/1366_20001-300x225.jpg\" alt=\"\" width=\"300\" height=\"225\" srcset=\"https:\/\/sigo.es\/wp-content\/uploads\/2017\/01\/1366_20001-300x225.jpg 300w, https:\/\/sigo.es\/wp-content\/uploads\/2017\/01\/1366_20001-768x576.jpg 768w, https:\/\/sigo.es\/wp-content\/uploads\/2017\/01\/1366_20001-1024x768.jpg 1024w, https:\/\/sigo.es\/wp-content\/uploads\/2017\/01\/1366_20001-680x510.jpg 680w, https:\/\/sigo.es\/wp-content\/uploads\/2017\/01\/1366_20001-540x405.jpg 540w, https:\/\/sigo.es\/wp-content\/uploads\/2017\/01\/1366_20001.jpg 1366w\" sizes=\"auto, (max-width: 300px) 100vw, 300px\" \/><\/p>\n<p>Rich Turner tambi\u00e9n ha querido aprovechar el art\u00edculo para aclarar un par de cosas mal. La primera de ellas es otro tir\u00f3n de orejas para muchos de nosotros, y asegura que al contrario de lo que suele creer todo el mundo, Cmd no es MS-DOS. <strong>Se parecen por usar ambos l\u00edneas de comandos<\/strong>, pero son cosas totalmente diferentes.<\/p>\n<p>Para empezar, la \u00faltima versi\u00f3n de MS-DOS fue lanzada en septiembre del a\u00f1o 2000, hace 16 a\u00f1os, y <strong>era un sistema operativo completo<\/strong> cuyo \u00fanico interfaz era una l\u00ednea de comandos. El s\u00edmbolo de sistema o Cmd en cambio no es un sistema operativo, sino una aplicaci\u00f3n dise\u00f1ada para ser compatible con los comandos de MS-DOS, y que viene preinstalada en la familia de sistemas operativos de Windows NT, desde el propio NT hasta Windows 10.<\/p>\n<p>Y por \u00faltimo, Turner tambi\u00e9n ha explicado por qu\u00e9 han decidido que Cmd de un paso atr\u00e1s. Seg\u00fan explica, tras 30 a\u00f1os siendo una herramienta por defecto ha llegado el momento en el que es dif\u00edcil de mejorar o modificar, por lo que han desarrollado <a href=\"https:\/\/www.xataka.com\/aplicaciones\/ve-diciendo-adios-al-command-prompt-en-windows-10-powershell-toma-el-relevo\">un PowerShell mucho m\u00e1s potente<\/a>. Por lo tanto, <strong>es l\u00f3gico que haya sustituido al anterior shell<\/strong> como elecci\u00f3n por defecto en algunos men\u00fas, aunque vuelve a aclarar que esto no quiere decir que se vaya a eliminar el s\u00edmbolo de sistema.<\/p>\n<p>https:\/\/www.genbeta.com\/sistemas-operativos\/microsoft-declara-falsos-los-rumores-no-acabara-con-el-simbolo-del-sistema-de-windows<\/p>\n<\/div><\/div>","protected":false},"excerpt":{"rendered":"<p>El pasado 8 de diciembre nos hicimos eco de unos rumores basados en informaci\u00f3n dada por Microsoft en una de sus builds Insider y os contamos que los de Redmond&nbsp;[&hellip;]<\/p>\n","protected":false},"author":1,"featured_media":0,"comment_status":"open","ping_status":"open","sticky":false,"template":"","format":"standard","meta":{"footnotes":""},"categories":[18,19],"tags":[],"class_list":["post-889","post","type-post","status-publish","format-standard","hentry","category-sistemas-operativos","category-windows","clearfix"],"_links":{"self":[{"href":"https:\/\/sigo.es\/en\/wp-json\/wp\/v2\/posts\/889","targetHints":{"allow":["GET"]}}],"collection":[{"href":"https:\/\/sigo.es\/en\/wp-json\/wp\/v2\/posts"}],"about":[{"href":"https:\/\/sigo.es\/en\/wp-json\/wp\/v2\/types\/post"}],"author":[{"embeddable":true,"href":"https:\/\/sigo.es\/en\/wp-json\/wp\/v2\/users\/1"}],"replies":[{"embeddable":true,"href":"https:\/\/sigo.es\/en\/wp-json\/wp\/v2\/comments?post=889"}],"version-history":[{"count":2,"href":"https:\/\/sigo.es\/en\/wp-json\/wp\/v2\/posts\/889\/revisions"}],"predecessor-version":[{"id":893,"href":"https:\/\/sigo.es\/en\/wp-json\/wp\/v2\/posts\/889\/revisions\/893"}],"wp:attachment":[{"href":"https:\/\/sigo.es\/en\/wp-json\/wp\/v2\/media?parent=889"}],"wp:term":[{"taxonomy":"category","embeddable":true,"href":"https:\/\/sigo.es\/en\/wp-json\/wp\/v2\/categories?post=889"},{"taxonomy":"post_tag","embeddable":true,"href":"https:\/\/sigo.es\/en\/wp-json\/wp\/v2\/tags?post=889"}],"curies":[{"name":"wp","href":"https:\/\/api.w.org\/{rel}","templated":true}]}}